{"id":9078,"date":"2023-06-23T17:35:51","date_gmt":"2023-06-23T20:35:51","guid":{"rendered":"https:\/\/institutodelbicentenario-infd.mendoza.edu.ar\/sitio\/?p=9078"},"modified":"2023-06-23T17:40:28","modified_gmt":"2023-06-23T20:40:28","slug":"23-44","status":"publish","type":"post","link":"https:\/\/institutodelbicentenario-infd.mendoza.edu.ar\/sitio\/23-44\/","title":{"rendered":"Ense\u00f1anza saludable"},"content":{"rendered":"\n<p class=\"has-text-align-center\"><strong>Ense\u00f1anza saludable<\/strong><\/p>\n\n\n\n<p class=\"has-text-align-center\">Nuestro Instituto 9-030 cuenta con un programa de CGES- Educaci\u00f3n Superior denominado \u00abEnse\u00f1anza saludable\u00bb, que fomenta el bienestar f\u00edsico y la integraci\u00f3n social, a trav\u00e9s de actividades al aire libre y caminatas.<\/p>\n\n\n\n<p class=\"has-text-align-center\">La planificaci\u00f3n de las actividades recreativas comienzan desde ma\u00f1ana s\u00e1bado 24\/06, a las 10 hs., para todo el personal de la Instituci\u00f3n, docentes, no docentes, estudiantes y egresados. El punto de encuentro es la Fuente de los Continentes en el Parque Gral. San Mart\u00edn. Estas propuestas se extender\u00e1n hasta el mes de noviembre, con senderismo por diversos cerros, graduados en complejidad, como tambi\u00e9n charlas sobre diversos temas saludables y para prevenir accidentes.<br>Los\/as esperamos!!!!!!!<\/p>\n\n\n<div class=\"wp-block-image\">\n<figure class=\"aligncenter size-full is-resized\"><img decoding=\"async\" loading=\"lazy\" src=\"https:\/\/institutodelbicentenario-infd.mendoza.edu.ar\/sitio\/wp-content\/uploads\/2023\/06\/WhatsApp-Image-2023-06-23-at-17.33.26.jpeg\" alt=\"\" class=\"wp-image-9080\" width=\"640\" height=\"452\" srcset=\"https:\/\/institutodelbicentenario-infd.mendoza.edu.ar\/sitio\/wp-content\/uploads\/2023\/06\/WhatsApp-Image-2023-06-23-at-17.33.26.jpeg 1280w, https:\/\/institutodelbicentenario-infd.mendoza.edu.ar\/sitio\/wp-content\/uploads\/2023\/06\/WhatsApp-Image-2023-06-23-at-17.33.26-1000x705.jpeg 1000w, https:\/\/institutodelbicentenario-infd.mendoza.edu.ar\/sitio\/wp-content\/uploads\/2023\/06\/WhatsApp-Image-2023-06-23-at-17.33.26-768x542.jpeg 768w\" sizes=\"(max-width: 640px) 100vw, 640px\" \/><\/figure><\/div>\n\n\n<p class=\"has-text-align-center\"><strong>CGES<\/strong><\/p>\n\n\n\n<p class=\"has-text-align-center\"><a href=\"https:\/\/www.facebook.com\/hashtag\/isfdyt9030?__eep__=6&amp;__cft__%5b0%5d=AZUAeS2qce_O__6ax4kGqAHbwvxa_6RmNTOc3B8Gz8JEBOUO-S0BKSt6r7jSxIPjJiGjJfpxX5yHEn3zYOwL7s8VoNgtSv43O_a5bq-Sti_8MmbUwfbmDs1Skukl7lDnDrE&amp;__tn__=*NK-R\">#isfdyt9030<\/a><\/p>\n\n\n\n<p class=\"has-text-align-center\"><a href=\"https:\/\/www.facebook.com\/hashtag\/institutodelbicentenario?__eep__=6&amp;__cft__%5b0%5d=AZUAeS2qce_O__6ax4kGqAHbwvxa_6RmNTOc3B8Gz8JEBOUO-S0BKSt6r7jSxIPjJiGjJfpxX5yHEn3zYOwL7s8VoNgtSv43O_a5bq-Sti_8MmbUwfbmDs1Skukl7lDnDrE&amp;__tn__=*NK-R\">#institutodelbicentenario<\/a><\/p>\n\n\n\n<p class=\"has-text-align-center\"><a href=\"https:\/\/www.facebook.com\/hashtag\/educacionsuperior?__eep__=6&amp;__cft__%5b0%5d=AZUAeS2qce_O__6ax4kGqAHbwvxa_6RmNTOc3B8Gz8JEBOUO-S0BKSt6r7jSxIPjJiGjJfpxX5yHEn3zYOwL7s8VoNgtSv43O_a5bq-Sti_8MmbUwfbmDs1Skukl7lDnDrE&amp;__tn__=*NK-R\">#educacionsuperior<\/a><\/p>\n","protected":false},"excerpt":{"rendered":"<p>Ense\u00f1anza saludable Nuestro Instituto 9-030 cuenta con un programa de CGES- Educaci\u00f3n Superior denominado \u00abEnse\u00f1anza saludable\u00bb, que fomenta el bienestar f\u00edsico y la integraci\u00f3n social, a trav\u00e9s de actividades al aire libre y caminatas. La planificaci\u00f3n de las actividades recreativas comienzan desde ma\u00f1ana s\u00e1bado 24\/06, a las 10 hs., para todo el personal de la &#8230; <a title=\"Ense\u00f1anza saludable\" class=\"read-more\" href=\"https:\/\/institutodelbicentenario-infd.mendoza.edu.ar\/sitio\/23-44\/\" aria-label=\"More on Ense\u00f1anza saludable\">[+]<\/a><\/p>\n","protected":false},"author":646,"featured_media":0,"comment_status":"closed","ping_status":"closed","sticky":false,"template":"","format":"standard","meta":[],"categories":[1],"tags":[],"acf":[],"_links":{"self":[{"href":"https:\/\/institutodelbicentenario-infd.mendoza.edu.ar\/sitio\/wp-json\/wp\/v2\/posts\/9078"}],"collection":[{"href":"https:\/\/institutodelbicentenario-infd.mendoza.edu.ar\/sitio\/wp-json\/wp\/v2\/posts"}],"about":[{"href":"https:\/\/institutodelbicentenario-infd.mendoza.edu.ar\/sitio\/wp-json\/wp\/v2\/types\/post"}],"author":[{"embeddable":true,"href":"https:\/\/institutodelbicentenario-infd.mendoza.edu.ar\/sitio\/wp-json\/wp\/v2\/users\/646"}],"replies":[{"embeddable":true,"href":"https:\/\/institutodelbicentenario-infd.mendoza.edu.ar\/sitio\/wp-json\/wp\/v2\/comments?post=9078"}],"version-history":[{"count":3,"href":"https:\/\/institutodelbicentenario-infd.mendoza.edu.ar\/sitio\/wp-json\/wp\/v2\/posts\/9078\/revisions"}],"predecessor-version":[{"id":9082,"href":"https:\/\/institutodelbicentenario-infd.mendoza.edu.ar\/sitio\/wp-json\/wp\/v2\/posts\/9078\/revisions\/9082"}],"wp:attachment":[{"href":"https:\/\/institutodelbicentenario-infd.mendoza.edu.ar\/sitio\/wp-json\/wp\/v2\/media?parent=9078"}],"wp:term":[{"taxonomy":"category","embeddable":true,"href":"https:\/\/institutodelbicentenario-infd.mendoza.edu.ar\/sitio\/wp-json\/wp\/v2\/categories?post=9078"},{"taxonomy":"post_tag","embeddable":true,"href":"https:\/\/institutodelbicentenario-infd.mendoza.edu.ar\/sitio\/wp-json\/wp\/v2\/tags?post=9078"}],"curies":[{"name":"wp","href":"https:\/\/api.w.org\/{rel}","templated":true}]}}